{"id":2161,"date":"2025-11-18T02:49:59","date_gmt":"2025-11-18T02:49:59","guid":{"rendered":"https:\/\/al-shoroukco.com\/?p=2161"},"modified":"2025-11-18T02:50:00","modified_gmt":"2025-11-18T02:50:00","slug":"giro-ditalia-a-brit-tao-geoghegan-hart-megnyerte-a-vadonatuj-maglia-rosa-bbc-recreationt","status":"publish","type":"post","link":"https:\/\/al-shoroukco.com\/ar\/giro-ditalia-a-brit-tao-geoghegan-hart-megnyerte-a-vadonatuj-maglia-rosa-bbc-recreationt\/","title":{"rendered":"Giro d&#39;Italia: A brit Tao Geoghegan Hart megnyerte a vadonat\u00faj maglia rosa BBC Recreationt"},"content":{"rendered":"<div id=\"toc\" style=\"background: #f9f9f9;border: 1px solid #aaa;display: table;margin-bottom: 1em;padding: 1em;width: 350px;\">\n<p class=\"toctitle\" style=\"font-weight: 700;text-align: center;\">Bejegyz\u00e9sek<\/p>\n<ul class=\"toc_list\">\n<li><a href=\"#toc-0\">A leg\u00fajabb Giro d&#39;Italia fokozatok anyaga \u00e9s id\u0151szaka | game bookers v\u00e9lem\u00e9ny<\/a><\/li>\n<li><a href=\"#toc-1\">Remco Evenepoel: \u201eA szem\u00e9lyes 12 h\u00f3napom nem volt teljes siker\u201d<\/a><\/li>\n<li><a href=\"#toc-2\">Mit jelentenek a Giro d&#39;Italia mezek? A z\u00f6ld, piros, k\u00e9k \u00e9s feh\u00e9r is ezt mondta nekem.<\/a><\/li>\n<li><a href=\"#toc-3\">Juan Ayuso \u2013 UAE Party Emirates<\/a><\/li>\n<\/ul>\n<\/div>\n<p>M\u00edg a 2023-as konferencia k\u00f6zeledik az els\u0151 oszt\u00e1lyoz\u00e1shoz, az emelked\u0151k \u00e1ltal\u00e1ban t\u00f6bb probl\u00e9m\u00e1t vetnek fel. A leg\u00fajabb hegyi oszt\u00e1lyoz\u00e1s az 1933-as versenyen jelent meg, de az 1974-esben egy z\u00f6ld v\u00e1ltozatot vezettek be. <!--more--> Az \u00faj mez k\u00e9k lett, mint 2012-ben, hogy illeszkedjen a verseny f\u0151 szervez\u0151je, az \u00faj mil\u00e1n\u00f3i bank, a Banca Mediolanum \u00faj st\u00edlus\u00e1hoz.<\/p>\n<h2 id=\"toc-0\">A leg\u00fajabb Giro d&#39;Italia fokozatok anyaga \u00e9s id\u0151szaka | game bookers v\u00e9lem\u00e9ny<\/h2>\n<p>Amikor Yates mozg\u00e1sba lend\u00edtette az \u00faj verseny-\u00e9llovast, Del Toro megkapta az utas\u00edt\u00e1st, hogy \u00fcld\u00f6zze, Carapaz is hozz\u00e1j\u00e1rult, a p\u00e1ros a fels\u0151 Finestre 1:36-ot \u00e9rte el a brit m\u00f6g\u00f6tt. Visma strat\u00e9gi\u00e1ja, miszerint Van Aertet a splitben helyezte el, meghozta gy\u00fcm\u00f6lcs\u00e9t, mivel a Yates \u00e1thidalta az utat, am\u00edg te \u00e9s a belga er\u0151m\u0171 futott a munk\u00e1ba. Ezt megel\u0151z\u0151en Yates Visma-Lease A motoros partija egy nagyszer\u0171 mesterfog\u00e1s volt, mivel az \u00e9lvonalbeli Wout van Aert az \u00faj sz\u00f6kev\u00e9nycsoport tagja volt, \u00e9s megh\u00edvhatta Yates-t, hogy k\u00f6vesse \u0151t az \u0151sbe, seg\u00edtve \u0151t egy hossz\u00fa k\u00f6zvetlen szakasz ki\u00e9p\u00edt\u00e9s\u00e9ben az utols\u00f3 30 km-en. A teljes tabell\u00e1n Yates megel\u0151zte Richard Carapazt Ecuadorb\u00f3l, \u00e9s Isaac del Tor\u00f3t, a 11. helyen \u00e1ll\u00f3 els\u0151 sz\u00e1m\u00fa versenyz\u0151t, akinek a rem\u00e9nyei, hogy \u0151 legyen Mexik\u00f3 els\u0151 versenyz\u0151je, aki nagy utat nyerhet, szertefoszlottak.<\/p>\n<p>A verseny el\u0151tti favoritjaid k\u00f6z\u00fcl senki sem \u00e1llt dobog\u00f3ra, Simon Yates \u00e9s Steven Kruijswijk is kiesett a COVID-19 miatt, Thomas pedig megs\u00e9r\u00fclt. A 2017-es elit deb\u00fct\u00e1l\u00e1suk \u00f3ta, Heavensszel, Ineosszal, Geoghegan Hart mind\u00f6ssze k\u00e9t szakaszt teljes\u00edtett, a 2019-es Tour des Alpes-t. A v\u00e1rakoz\u00e1sok azonban nagyok, mivel Hindley 22 perccel lemaradt ellenfele m\u00f6g\u00f6tt a Cernusco sul Naviglio kij\u00e1rat\u00e1n\u00e1l, a r\u00e9gi\u00f3 \u00e9szakkeleti r\u00e9sz\u00e9n, a 10,3 km-es k\u00f6z\u00e9ps\u0151 szakaszon.<\/p>\n<h2 id=\"toc-1\">Remco Evenepoel: \u201eA szem\u00e9lyes 12 h\u00f3napom nem volt teljes siker\u201d<\/h2>\n<ul>\n<li>Az igazat megvallva, csak \u00fcltem ott, \u00e9s n\u00e9ztem a n\u00e9gy dolgoz\u00f3 f\u00e9rfit, \u00e9s vid\u00e1m voltam.<\/li>\n<li>\u00c9rt\u00e9kelem, hogy megbesz\u00e9lj\u00fck, hogy Eul\u00e1lio az els\u0151 fi\u00fa a Mortirolo-n\u00e1l, aki a m\u00falt h\u00e9ten felment.<\/li>\n<li>Az \u00faj, 23,6 km-es Colle dell&#39;Agnello, \u00e9s ez a francia szeg\u00e9lyig vezet\u0151 magaslat, val\u00f3j\u00e1ban arr\u00f3l ismert, hogy Steven Kruisjkwiks megfagyott a 2016-os havaz\u00e1s miatt, \u00e9s ez \u00e1ltal\u00e1ban hat\u00e1ssal van r\u00e1.<\/li>\n<li>Hart kisebbnek t\u0171nt, mint Hindley, ezt t\u00edz kilom\u00e9ter ut\u00e1n meger\u0151s\u00edtik.<\/li>\n<li>Egy j\u00f3 Giro d&#39;Italia-gy\u0151ztes, aki a legalacsonyabb BMI-vel rendelkez\u0151knek ad ki csoportgy\u0151zteseket, Joaquim Rodr\u00edguez.<\/li>\n<li>Csak abban a pillanatban ker\u00fcln\u00e9m Bernalt, am\u00edg meg nem mutatja versenyz\u0151i form\u00e1j\u00e1t a Gir\u00f3n.<\/li>\n<\/ul>\n<p><img decoding=\"async\" src=\"https:\/\/www.usaonlinecasino.com\/wp-content\/uploads\/2019\/06\/Betting.jpg\" alt=\"game bookers v\u00e9lem\u00e9ny\" align=\"left\" border=\"1\"><\/p>\n<p>A leg\u00fajabb <a rel=\"nofollow\" href=\"https:\/\/fogadas-sport.com\/gamebookers\/\">game bookers v\u00e9lem\u00e9ny<\/a> holland versenyz\u0151 megel\u0151zte az atl\u00e9ta Josie Nelsont (Picnic PostNL) a t\u00e1von, m\u00edg csapatt\u00e1rsa \u00e9s k\u00f6z\u00f6ss\u00e9gi bajnoka, Lotte Kopecky a nap 3. hely\u00e9n v\u00e9gzett. Az \u00faj szlov\u00e9n versenyz\u0151 megszerezte negyedik karrier nagy turn\u00e9gy\u0151zelm\u00e9t, amely nagyszer\u0171 legend\u00e1s bemutat\u00f3t tartott a Touron Olaszorsz\u00e1g utols\u00f3 el\u0151tti szakasz\u00e1r\u00f3l. Van egy kiv\u00e1l\u00f3 lejt\u0151s kateg\u00f3ria, amelyet az \u00faj vezet\u00e9s egy z\u00f6ld mez jel\u00f6l. A hegyi kateg\u00f3ri\u00e1ban a csapat tagjai \u00fagy szerezt\u00e9k meg a pontokat, hogy a legmagasabb emelked\u00e9st teljes\u00edtett\u00e9k minden m\u00e1s ker\u00e9kp\u00e1ros el\u0151tt. Minden emelked\u0151t m\u00e1sodik vagy harmadik oszt\u00e1lyba sorolnak, a magasabb besorol\u00e1s\u00fa emelked\u0151kh\u00f6z t\u00f6bb pont j\u00e1r; de nem az egyes csoportokban, az \u00f6t legnagyobb ker\u00e9kp\u00e1ros pontokat kapott. Az \u00faj m\u00e1sodik mez a fiatal versenyz\u0151k csoportj\u00e1t k\u00e9pviseli, amelyet egy vil\u00e1gos mez jel\u00f6l.<\/p>\n<h2 id=\"toc-2\">Mit jelentenek a Giro d&#39;Italia mezek? A z\u00f6ld, piros, k\u00e9k \u00e9s feh\u00e9r is ezt mondta nekem.<\/h2>\n<ul>\n<li>Valamint van egy oszt\u00e1ly a dolgok k\u00f6z\u00f6tt, \u00e9s ez egy kiv\u00e1l\u00f3 cikl\u00e1men mezt biztos\u00edtott.<\/li>\n<li>Richard Carapaz egy k\u00e9s\u0151i rohamot ind\u00edtott, amikor \u00fagy d\u00f6nt\u00f6tt, hogy megnyeri a Giro d&#39;Italia 11. szakasz\u00e1t szerd\u00e1n, az \u00f6sszetett parancsnoki poszton Isaac del Toro \u00e9rt c\u00e9lba.<\/li>\n<li>Az \u00faj TT alatt v\u00e9gig r\u00e1j\u00f6ttem, hogy a cs\u00f6kkentett futott mennyis\u00e9ged min\u00e9l el\u0151bb megl\u00e1tom az \u00f6v\u00e9k\u00e9t.<\/li>\n<li>B\u00e1rkit\u0151l, aki a csapattal kapcsolatban besz\u00e9lt, azt olvastam, hogy Rohan el\u0151z\u0151 este azt mondta, hogy be fog l\u00e9pni a Stelvio csapat\u00e1ba.<\/li>\n<\/ul>\n<p>A 15. szakasz Piancavall\u00f3ban z\u00e1rul, \u00e9s egy vadonat\u00faj versenyt ind\u00edt a hegyekben, a 14,3 km-es, 7,9 sz\u00e1zal\u00e9kos emelked\u0151vel a c\u00e9lvonalon, amely a k\u00f6vetkez\u0151 verseny \u00faj est\u00e9j\u00e9n v\u00e1rhat\u00f3. T\u00f6bb szakasz is Marco Pantani sz\u00fcl\u0151v\u00e1ros\u00e1ban, Cesenatic\u00f3ban z\u00e1rul, a Nove Colli Gran Fondo tisztelet\u00e9re rendezett, 205 km-es hegyi szakaszon, amely az eredeti nagy sportverseny volt vil\u00e1gszerte, de m\u00e9g mindig az egyik legnehezebb. Az \u00faj szint harmadik szakasza 800 m\u00e9terre van az emelked\u0151t\u0151l, magaslati \u00f6sv\u00e9nyekkel \u00e9s kih\u00edv\u00e1st jelent\u0151 lejt\u0151kkel, miel\u0151tt hegyi sz\u00e1guld\u00e1s k\u00f6vetkezik a c\u00e9lvonal fel\u00e9. Az \u00faj Trip de France-hoz hasonl\u00f3an a ker\u00e9kp\u00e1rosok \u00e9s a versenyz\u0151k ism\u00e9t biztons\u00e1gos hull\u00e1mvasutat v\u00e1lasztanak, a szigor\u00fa UCI COVID-19 szab\u00e1lyoknak megfelel\u0151en, amelyeket a verseny el\u0151tt \u00e9s alatt is ellen\u0151riznek.<\/p>\n<p>Lehet, hogy folyamatosan \u00faton van a Bristolb\u00f3l indul\u00f3 p\u00e1ly\u00e1kon, \u00e9s l\u00e1tni fogod a k\u00f6rny\u00e9k\u00e9t. A leg\u00fajabb gy\u0151ztes egy lila sz\u00e1mot kap, \u00edgy tov\u00e1bb utazhatsz a k\u00f6vetkez\u0151 napra, mivel az \u00faj Nagy Utaz\u00e1s v\u00e9g\u00e9n egy teljes bajnok van. Kevesebb kies\u0151 gy\u0151zelmet gy\u0171jt\u00f6ttek, \u00e9s vannak hatalmas lehet\u0151s\u00e9gek ebben a csat\u00e1ban.<\/p>\n<h2 id=\"toc-3\">Juan Ayuso \u2013 UAE Party Emirates<\/h2>\n<p>Eg\u00e9szen az utols\u00f3 10 kilom\u00e9terig b\u00edrt\u00e1k, miel\u0151tt az \u00faj sprintercsapatok \u00e1tvett\u00e9k volna az ir\u00e1ny\u00edt\u00e1st. V\u00e9g\u00fcl az \u00faj sz\u00e1guld\u00e1st Giacomo Nizzolo szerezte meg, aki szorosan megel\u0151zte Edoardo Affinit. A szakasz utols\u00f3 kilom\u00e9ter\u00e9n v\u00e9gig kiesett a nyeregb\u0151l, de ennek ellen\u00e9re egy magas \u00f6t\u00f6st adott. A sr\u00e1c az \u00faj szakasz v\u00e9g\u00e9t azzal magyar\u00e1zta, hogy &quot;Ez volt \u00e9letem egyik leghosszabb kilom\u00e9tere&quot;.31 Az \u00faj GC \u00e1llam nem tapasztalt nagy v\u00e1ltoz\u00e1st. A sr\u00e1c a sz\u00f6vets\u00e9gi bajnoks\u00e1gon \u00e9s a hazai szakaszon, a leg\u00fajabb Journey Colombi\u00e1n is r\u00e9szt vett.<\/p>","protected":false},"excerpt":{"rendered":"<p>Bejegyz\u00e9sek A leg\u00fajabb Giro d&#39;Italia fokozatok anyaga \u00e9s id\u0151szaka | game bookers v\u00e9lem\u00e9ny Remco Evenepoel: \u201eA szem\u00e9lyes 12 h\u00f3napom nem volt teljes siker\u201d Mit jelentenek&#8230;<\/p>","protected":false},"author":1,"featured_media":0,"comment_status":"closed","ping_status":"open","sticky":false,"template":"","format":"standard","meta":{"footnotes":""},"categories":[1],"tags":[],"class_list":["post-2161","post","type-post","status-publish","format-standard","hentry","category-blog"],"_links":{"self":[{"href":"https:\/\/al-shoroukco.com\/ar\/wp-json\/wp\/v2\/posts\/2161","targetHints":{"allow":["GET"]}}],"collection":[{"href":"https:\/\/al-shoroukco.com\/ar\/wp-json\/wp\/v2\/posts"}],"about":[{"href":"https:\/\/al-shoroukco.com\/ar\/wp-json\/wp\/v2\/types\/post"}],"author":[{"embeddable":true,"href":"https:\/\/al-shoroukco.com\/ar\/wp-json\/wp\/v2\/users\/1"}],"replies":[{"embeddable":true,"href":"https:\/\/al-shoroukco.com\/ar\/wp-json\/wp\/v2\/comments?post=2161"}],"version-history":[{"count":1,"href":"https:\/\/al-shoroukco.com\/ar\/wp-json\/wp\/v2\/posts\/2161\/revisions"}],"predecessor-version":[{"id":2162,"href":"https:\/\/al-shoroukco.com\/ar\/wp-json\/wp\/v2\/posts\/2161\/revisions\/2162"}],"wp:attachment":[{"href":"https:\/\/al-shoroukco.com\/ar\/wp-json\/wp\/v2\/media?parent=2161"}],"wp:term":[{"taxonomy":"category","embeddable":true,"href":"https:\/\/al-shoroukco.com\/ar\/wp-json\/wp\/v2\/categories?post=2161"},{"taxonomy":"post_tag","embeddable":true,"href":"https:\/\/al-shoroukco.com\/ar\/wp-json\/wp\/v2\/tags?post=2161"}],"curies":[{"name":"wp","href":"https:\/\/api.w.org\/{rel}","templated":true}]}}